{"id":277,"date":"2009-12-02T22:56:53","date_gmt":"2009-12-02T20:56:53","guid":{"rendered":"http:\/\/www.liederkranz-ruppertshofen.de\/?p=277"},"modified":"2018-05-06T23:58:44","modified_gmt":"2018-05-06T21:58:44","slug":"frisch-verliebt-der-liederkranz-ruppertshofen-leofels-ladt-ein-zur-jahresfeier-2010-der-kartenvorverkauf-beginnt-am-1212","status":"publish","type":"post","link":"https:\/\/www.liederkranz-ruppertshofen.de\/?p=277","title":{"rendered":"&#8222;Frisch verliebt&#8220; &#8211; Der Liederkranz Ruppertshofen-Leofels l\u00e4dt ein zur Jahresfeier 2010 &#8211; Der Kartenvorverkauf beginnt am 12.12."},"content":{"rendered":"<p>Die kommende Jahresfeier 2010 wird an den folgenden<br \/>\nTerminen starten:<\/p>\n<p><strong>Freitag 22., Samstag, 23.und Sonntag 24.01.2010 sowie<br \/>\nFreitag 29., Samstag, 30.und Sonntag 31.01.2010<\/strong><\/p>\n<p>jeweils um <strong>19.30 Uhr<\/strong>.<\/p>\n<p>Der Kartenvorverkauf beginnt am 12.12. ab 9.00 Uhr wieder unter der<br \/>\nNummer <strong>07904\/8101<\/strong>.<\/p>\n<p>Wir w\u00fcnschen allen unseren G\u00e4sten wieder eine vergn\u00fcgliche Jahresfeier!<\/p>\n","protected":false},"excerpt":{"rendered":"<p>Die kommende Jahresfeier 2010 wird an den folgenden Terminen starten: Freitag 22., Samstag, 23.und Sonntag 24.01.2010 sowie Freitag 29., Samstag,&hellip;<\/p>\n","protected":false},"author":1,"featured_media":0,"comment_status":"closed","ping_status":"closed","sticky":false,"template":"","format":"standard","meta":{"footnotes":""},"categories":[1],"tags":[],"class_list":["post-277","post","type-post","status-publish","format-standard","hentry","category-allgemein"],"_links":{"self":[{"href":"https:\/\/www.liederkranz-ruppertshofen.de\/index.php?rest_route=\/wp\/v2\/posts\/277","targetHints":{"allow":["GET"]}}],"collection":[{"href":"https:\/\/www.liederkranz-ruppertshofen.de\/index.php?rest_route=\/wp\/v2\/posts"}],"about":[{"href":"https:\/\/www.liederkranz-ruppertshofen.de\/index.php?rest_route=\/wp\/v2\/types\/post"}],"author":[{"embeddable":true,"href":"https:\/\/www.liederkranz-ruppertshofen.de\/index.php?rest_route=\/wp\/v2\/users\/1"}],"replies":[{"embeddable":true,"href":"https:\/\/www.liederkranz-ruppertshofen.de\/index.php?rest_route=%2Fwp%2Fv2%2Fcomments&post=277"}],"version-history":[{"count":0,"href":"https:\/\/www.liederkranz-ruppertshofen.de\/index.php?rest_route=\/wp\/v2\/posts\/277\/revisions"}],"wp:attachment":[{"href":"https:\/\/www.liederkranz-ruppertshofen.de\/index.php?rest_route=%2Fwp%2Fv2%2Fmedia&parent=277"}],"wp:term":[{"taxonomy":"category","embeddable":true,"href":"https:\/\/www.liederkranz-ruppertshofen.de\/index.php?rest_route=%2Fwp%2Fv2%2Fcategories&post=277"},{"taxonomy":"post_tag","embeddable":true,"href":"https:\/\/www.liederkranz-ruppertshofen.de\/index.php?rest_route=%2Fwp%2Fv2%2Ftags&post=277"}],"curies":[{"name":"wp","href":"https:\/\/api.w.org\/{rel}","templated":true}]}}