{"id":258,"date":"2009-11-03T21:44:41","date_gmt":"2009-11-03T19:44:41","guid":{"rendered":"http:\/\/www.liederkranz-ruppertshofen.de\/?p=258"},"modified":"2018-05-06T23:58:45","modified_gmt":"2018-05-06T21:58:45","slug":"proben-auf-burg-wernfels-liederkranz-war-ein-wochenende-lang-unterwegs","status":"publish","type":"post","link":"https:\/\/www.liederkranz-ruppertshofen.de\/?p=258","title":{"rendered":"Proben auf Burg Wernfels &#8211; Liederkranz war ein Wochenende lang unterwegs"},"content":{"rendered":"<div id=\"attachment_270\" style=\"width: 160px\" class=\"wp-caption alignleft\"><a href=\"https:\/\/www.liederkranz-ruppertshofen.de\/wp-content\/uploads\/2009\/11\/p1020096.jpg\"><img loading=\"lazy\" decoding=\"async\" aria-describedby=\"caption-attachment-270\" class=\"size-thumbnail wp-image-270\" title=\"p1020096\" src=\"https:\/\/www.liederkranz-ruppertshofen.de\/wp-content\/uploads\/2009\/11\/p1020096-150x150.jpg\" alt=\"p1020096\" width=\"150\" height=\"150\" \/><\/a><p id=\"caption-attachment-270\" class=\"wp-caption-text\">Ansingen im Deutschen S\u00e4ngermuseum Feuchtwangen<\/p><\/div>\n<p><strong>Chorproben-Wochenende des Liederkranzes Ruppertshofen-Leofels<\/strong><\/p>\n<p><em>Intensivproben in historischen Mauern<\/em><\/p>\n<p>So romantisch war die Unterkunft f\u00fcr das Probenwochenende des Liederkranzes Ruppertshofen-Leofels schon lange nicht mehr. Die Burg Wernfels liegt 30 km s\u00fcdwestlich von N\u00fcrnberg im waldreichen Rangau, hoch \u00fcber dem Rezattal oberhalb des Ortes Wernfels und inmitten der Fr\u00e4nkischen Seenplatte. In dieser etwa achthundert Jahre alten Ritterburg war der Liederkranz in angenehmer Atmosph\u00e4re untergebracht.<\/p>\n<p><strong>Besuch des S\u00e4ngermuseums Feuchtwangen<\/strong><\/p>\n<p>Begonnen hat das Chorprobenwochenende vom 30. Oktober bis zum 1. November mit einem Besuch im S\u00e4ngermuseum des Deutschen Chorverbandes in Feuchtwangen. Neben dem Besuch der Sonderausstellung zum 200. Geburtstag von Felix Mendelssohn-Bartholdy erfuhren wir auch neues \u00fcber die spannende Geschichte der deutschen Chormusik. Dar\u00fcber hinaus wurden einige von uns gesungene Lieder professionell aufgezeichnet und f\u00fcr eine Pr\u00e4sentation im Internet vorbereitet. Nach dem Mittagessen im Gasthaus \u201eSindel-Buckel\u201c in Feuchtwangen fuhren wir nach Wernfels.<br \/>\nIn gem\u00fctlichen Zimmern untergebracht und vom CVJM bestens betreut und versorgt konnten wir die herrliche Anlage der Burg Wernfels zum Proben und Erholen genie\u00dfen.<\/p>\n<p><strong>Die Stadtbrauerei Spalt &#8211; ein MUSS im Wochenendprogramm<\/strong><\/p>\n<p>Nat\u00fcrlich durfte auch die Besichtigung der Brauerei Spalt in der nahe gelegenen Stadt Spalt nicht fehlen. Durch interessante Informationen \u00fcber den stadteigenen Betrieb vorbereitet konnte im Anschluss mit so manchem Pr\u00f6bchen die Stimme ge\u00f6lt\u00a0 und sogleich mit verschiedenen Liedern zur Stimmung beigetragen werden.<br \/>\nDas Abendessen nahmen wir im \u00f6rtlichen \u201eBayerischen Hof\u201c zu uns. Auch hier genossen wir die fr\u00e4nkische Gastlichkeit bei z\u00fcnftigen Vesperplatten oder deftiger Fleischk\u00fcche. Doch so gem\u00fctlich es auch zuging, wollte der Wirt auch einmal schlie\u00dfen. Wieder zur\u00fcck auf der Burg fanden noch lange Gespr\u00e4che und Gesang mit sehr freundschaftlichem Kontakt zu anderen G\u00e4sten statt.<\/p>\n<p><strong>Ausklang am Sonntag<\/strong><\/p>\n<p>Der Sonntag begann mit erneuten Proben, bevor wir nach dem Mittagessen nach Wolframs-Eschenbach aufbrachen. In dieser Dichter- und Ordensstadt war Zeit f\u00fcr einen gem\u00fctlichen Rundgang bei herbstlich sch\u00f6nem Wetter. Die Stadt des Parzival-Dichters, die im Kern noch von Mittelalter und Renaissance gepr\u00e4gt ist, bietet dar\u00fcber hinaus interessante Barockbauwerke und eine sehr gut erhaltene Stadtmauer. Nach gem\u00fctlicher Einkehr in der \u201eAlten Vogtei\u201c begaben wir uns am fr\u00fchen Sonntagabend auf den Heimweg.<br \/>\nEin rundum gelungenes Wochenende mit einer Mischung aus Kultur, Gesang und Entspannung hat uns pers\u00f6nlich bereichert und dank intensiver Probenarbeit unter der Leitung unseres Dirigenten Nikolai Ott ein gutes St\u00fcck auf unsere diesj\u00e4hrige Jahresfeier Ende Januar 2010 vorbereitet.<br \/>\nAuf eine weiterhin so erfreuliche Zeit miteinander!<\/p>\n<div id=\"attachment_271\" style=\"width: 310px\" class=\"wp-caption alignright\"><a href=\"https:\/\/www.liederkranz-ruppertshofen.de\/wp-content\/uploads\/2009\/11\/p1020122.jpg\"><img loading=\"lazy\" decoding=\"async\" aria-describedby=\"caption-attachment-271\" class=\"size-medium wp-image-271\" title=\"p1020122\" src=\"https:\/\/www.liederkranz-ruppertshofen.de\/wp-content\/uploads\/2009\/11\/p1020122-300x225.jpg\" alt=\"Gruppenbild vor Burg Wernfels bei Spalt\" width=\"300\" height=\"225\" srcset=\"https:\/\/www.liederkranz-ruppertshofen.de\/wp-content\/uploads\/2009\/11\/p1020122-300x225.jpg 300w, https:\/\/www.liederkranz-ruppertshofen.de\/wp-content\/uploads\/2009\/11\/p1020122.jpg 800w\" sizes=\"auto, (max-width: 300px) 100vw, 300px\" \/><\/a><p id=\"caption-attachment-271\" class=\"wp-caption-text\">Gruppenbild vor Burg Wernfels bei Spalt<\/p><\/div>\n","protected":false},"excerpt":{"rendered":"<p>Chorproben-Wochenende des Liederkranzes Ruppertshofen-Leofels Intensivproben in historischen Mauern So romantisch war die Unterkunft f\u00fcr das Probenwochenende des Liederkranzes Ruppertshofen-Leofels schon&hellip;<\/p>\n","protected":false},"author":1,"featured_media":0,"comment_status":"closed","ping_status":"closed","sticky":false,"template":"","format":"standard","meta":{"footnotes":""},"categories":[6],"tags":[],"class_list":["post-258","post","type-post","status-publish","format-standard","hentry","category-aktuell"],"_links":{"self":[{"href":"https:\/\/www.liederkranz-ruppertshofen.de\/index.php?rest_route=\/wp\/v2\/posts\/258","targetHints":{"allow":["GET"]}}],"collection":[{"href":"https:\/\/www.liederkranz-ruppertshofen.de\/index.php?rest_route=\/wp\/v2\/posts"}],"about":[{"href":"https:\/\/www.liederkranz-ruppertshofen.de\/index.php?rest_route=\/wp\/v2\/types\/post"}],"author":[{"embeddable":true,"href":"https:\/\/www.liederkranz-ruppertshofen.de\/index.php?rest_route=\/wp\/v2\/users\/1"}],"replies":[{"embeddable":true,"href":"https:\/\/www.liederkranz-ruppertshofen.de\/index.php?rest_route=%2Fwp%2Fv2%2Fcomments&post=258"}],"version-history":[{"count":0,"href":"https:\/\/www.liederkranz-ruppertshofen.de\/index.php?rest_route=\/wp\/v2\/posts\/258\/revisions"}],"wp:attachment":[{"href":"https:\/\/www.liederkranz-ruppertshofen.de\/index.php?rest_route=%2Fwp%2Fv2%2Fmedia&parent=258"}],"wp:term":[{"taxonomy":"category","embeddable":true,"href":"https:\/\/www.liederkranz-ruppertshofen.de\/index.php?rest_route=%2Fwp%2Fv2%2Fcategories&post=258"},{"taxonomy":"post_tag","embeddable":true,"href":"https:\/\/www.liederkranz-ruppertshofen.de\/index.php?rest_route=%2Fwp%2Fv2%2Ftags&post=258"}],"curies":[{"name":"wp","href":"https:\/\/api.w.org\/{rel}","templated":true}]}}