{"id":213,"date":"2009-03-28T18:50:06","date_gmt":"2009-03-28T16:50:06","guid":{"rendered":"http:\/\/www.liederkranz-ruppertshofen.de\/?p=213"},"modified":"2018-05-06T23:58:45","modified_gmt":"2018-05-06T21:58:45","slug":"besser-spat-als-nie-jahresfeier-des-liederkranzes-ruppertshofen-leofels-im-neuen-gemeindesaal","status":"publish","type":"post","link":"https:\/\/www.liederkranz-ruppertshofen.de\/?p=213","title":{"rendered":"\u201eBesser sp\u00e4t als nie!\u201c &#8211; Jahresfeier des Liederkranzes Ruppertshofen-Leofels im neuen Gemeindesaal"},"content":{"rendered":"<div id=\"attachment_186\" style=\"width: 160px\" class=\"wp-caption alignleft\"><a href=\"https:\/\/www.liederkranz-ruppertshofen.de\/wp-content\/uploads\/p1010547.jpg\"><img loading=\"lazy\" decoding=\"async\" aria-describedby=\"caption-attachment-186\" class=\"size-thumbnail wp-image-186\" title=\"Jahresfeier 2009\" src=\"https:\/\/www.liederkranz-ruppertshofen.de\/wp-content\/uploads\/p1010547.jpg\" alt=\"Jahresfeier 2009\" width=\"150\" height=\"113\" \/><\/a><p id=\"caption-attachment-186\" class=\"wp-caption-text\">Jahresfeier 2009<\/p><\/div>\n<p>Wie immer war es ein kurzweiliger Abend bei der Jahresfeier des Liederkranzes Ruppertshofen-Leofels. Nach altbew\u00e4hrtem Muster mit Gesang, Theater und Tanz konnten erfolgreiche Traditionen bewahrt werden. Vieles aber war neu in diesem Jahr. Die Erweiterung des Kirchengemeindesaales konnte umgesetzt werden. So fand die diesj\u00e4hrige Jahresfeier im renovierten, hellen und vergr\u00f6\u00dferten Saal in frischer Atmosph\u00e4re statt.<br \/>\nNeu ist auch, dass dieses Jahr Nikolai Ott den Chor leitet. Es wird sich herumgesprochen haben, mit welchem Gl\u00fcck der Liederkranz gesegnet ist, dieses junge, talentierte Energieb\u00fcndel vor sich zu haben. Mit viel Geduld und guten Nerven schafft es Nikolai Ott die Leidenschaft des Singens aus dem Chor herauszulocken und auf das begeisterte Publikum zu \u00fcbertragen.<\/p>\n<p>Eingestiegen mit dem S\u00e4ngergru\u00df des Hohenloher S\u00e4ngergaus \u201eHohenlohe\u201c von Karl Albrecht ging es weiter mit Variationen \u00fcber Schuberts Lied \u201eDie launische Forelle\u201c von Franz Sch\u00f6ggl. Nach dem lustigen Zweiakter: \u201eDie Leiche ist nicht totzukriegen\u201c von G\u00fcnter Quabus, in dem die Schauspieler der Ruppertsh\u00f6fer Theatergruppe wieder all ihr K\u00f6nnen bewiesen, wurden die Lieder \u201eAnita\u201c (Musik: Costa Cordalis, Text: Jean Frankfurter), \u201e\u00dcber sieben Br\u00fccken musst du gehen\u201c (Musik: Ulrich Schwillms, Text: Helmut Richter,), und \u201eDanny Boy (Londonderry Air)\u201c (Text: Fred Weatherly, Bearbeitung: Michael Cox) dargeboten.<br \/>\nPassend zu dem erst k\u00fcrzlich fertig umgebauten Gemeindesaal demonstrierte die Tanzgruppe auf unterhaltsame Weise die T\u00e4tigkeiten der verschiedenen Bauphasen.<br \/>\nMit einer zum Teil weniger ernst zu nehmenden Liedauswahl unterhielten die \u201eScherbachtaler\u201c mit \u201eMana Mana\u201c, \u201eWickie\u201c, der \u201eBiene Maja\u201c und \u201eScarborough Fair\u201c das Publikum. Mit einer \u201efreiwilligen\u201c Biene Maja aus dem Publikum, wurde dieses Lied t\u00e4nzerisch begleitet.<br \/>\n\u201eAudi Victoria\u201c (Musik \/ Text: Tobias K\u00fcnzel) und \u201eMillion\u00e4r\u201c (Musik \/ Text: Sebastian Krumbiegel) sollten die abschlie\u00dfenden Darbietungen sein. Das Publikum forderte aber aufs Deutlichste einen \u201eGesangesnachschlag\u201c und nicht ganz unvorbereitet konnte mit dem Lied \u201eHappy together\u201c der erste Bedarf gestillt werden. Da jedoch die Begeisterung des Publikums schwer zu b\u00e4ndigen war, lockte unser Dirigent noch etwas aus dem bekannten Liedgut des Liederkranzes heraus und es konnte schlussendlich ein gelungener Abend mit zufriedenen G\u00e4sten als Erfolg gefeiert werden.<\/p>\n<div id=\"attachment_186\" style=\"width: 160px\" class=\"wp-caption alignright\"><a href=\"https:\/\/www.liederkranz-ruppertshofen.de\/wp-content\/uploads\/p1010567.jpg\"><img loading=\"lazy\" decoding=\"async\" aria-describedby=\"caption-attachment-186\" class=\"size-thumbnail wp-image-186\" title=\"Scherrbachtaler 2009\" src=\"https:\/\/www.liederkranz-ruppertshofen.de\/wp-content\/uploads\/p1010567.jpg\" alt=\"Scherrbachtaler 2009\" width=\"150\" height=\"113\" \/><\/a><p id=\"caption-attachment-186\" class=\"wp-caption-text\">Scherrbachtaler 2009<\/p><\/div>\n<p>Die abschlie\u00dfende Verlosung fand in dem neu angebauten Nebenraum statt, sodass die Bar zeitgleich \u00f6ffnen konnte. Dieser nahtlose \u00dcbergang lie\u00df viele zufriedene G\u00e4ste noch gem\u00fctlich verweilen und bei dem ein oder anderen Gl\u00e4schen ein angeregtes Gespr\u00e4ch f\u00fchren.<\/p>\n<p>Vielleicht ist die umbaubedingte Verschiebung der Jahresfeier in den M\u00e4rz eine gute Sache und darf so bleiben. Das ausverkaufte Haus jedenfalls best\u00e4tigt aufs neue: Der Liederkranz Ruppertshofen-Leofels geht einen guten Weg.<\/p>\n<p>Dem Publikum und den vielen Spendern sei an dieser Stelle noch einmal ein herzliches Dankesch\u00f6n ausgesprochen.<\/p>\n<p>Markus Josewski<\/p>\n","protected":false},"excerpt":{"rendered":"<p>Wie immer war es ein kurzweiliger Abend bei der Jahresfeier des Liederkranzes Ruppertshofen-Leofels. Nach altbew\u00e4hrtem Muster mit Gesang, Theater und&hellip;<\/p>\n","protected":false},"author":1,"featured_media":0,"comment_status":"closed","ping_status":"closed","sticky":false,"template":"","format":"standard","meta":{"footnotes":""},"categories":[6],"tags":[],"class_list":["post-213","post","type-post","status-publish","format-standard","hentry","category-aktuell"],"_links":{"self":[{"href":"https:\/\/www.liederkranz-ruppertshofen.de\/index.php?rest_route=\/wp\/v2\/posts\/213","targetHints":{"allow":["GET"]}}],"collection":[{"href":"https:\/\/www.liederkranz-ruppertshofen.de\/index.php?rest_route=\/wp\/v2\/posts"}],"about":[{"href":"https:\/\/www.liederkranz-ruppertshofen.de\/index.php?rest_route=\/wp\/v2\/types\/post"}],"author":[{"embeddable":true,"href":"https:\/\/www.liederkranz-ruppertshofen.de\/index.php?rest_route=\/wp\/v2\/users\/1"}],"replies":[{"embeddable":true,"href":"https:\/\/www.liederkranz-ruppertshofen.de\/index.php?rest_route=%2Fwp%2Fv2%2Fcomments&post=213"}],"version-history":[{"count":0,"href":"https:\/\/www.liederkranz-ruppertshofen.de\/index.php?rest_route=\/wp\/v2\/posts\/213\/revisions"}],"wp:attachment":[{"href":"https:\/\/www.liederkranz-ruppertshofen.de\/index.php?rest_route=%2Fwp%2Fv2%2Fmedia&parent=213"}],"wp:term":[{"taxonomy":"category","embeddable":true,"href":"https:\/\/www.liederkranz-ruppertshofen.de\/index.php?rest_route=%2Fwp%2Fv2%2Fcategories&post=213"},{"taxonomy":"post_tag","embeddable":true,"href":"https:\/\/www.liederkranz-ruppertshofen.de\/index.php?rest_route=%2Fwp%2Fv2%2Ftags&post=213"}],"curies":[{"name":"wp","href":"https:\/\/api.w.org\/{rel}","templated":true}]}}