{"id":21,"date":"2005-01-30T09:05:48","date_gmt":"2005-01-30T07:05:48","guid":{"rendered":"http:\/\/www.liederkranz-ruppertshofen.de\/?p=21"},"modified":"2018-05-06T23:58:49","modified_gmt":"2018-05-06T21:58:49","slug":"jahresfeier-2005-im-gemeindesaal-ruppertshofen","status":"publish","type":"post","link":"https:\/\/www.liederkranz-ruppertshofen.de\/?p=21","title":{"rendered":"Jahresfeier 2005 im Gemeindesaal Ruppertshofen"},"content":{"rendered":"<p class=\"MsoNormal\"><strong><span style=\"text-decoration: underline;\"><span style=\"font-family: Arial;\">Jahresfeier des Liederkranzes Ruppertshofen war wieder ein gro\u00dfartiger Erfolg!<\/span><\/span><\/strong><\/p>\n<p class=\"MsoNormal\"><span style=\"font-family: Arial;\"><!--[if !supportEmptyParas]--> <\/span><\/p>\n<p class=\"MsoNormal\"><span style=\"font-family: Arial;\">Die Jahresfeiern des Liederkranzes Ruppertshofen waren an den vergangenen Wochenenden wieder einmal ein Zuschauermagnet. Auch dieses Jahr waren alle sechs Vorstellungen restlos ausverkauft \u2013 die Garantie f\u00fcr gem\u00fctliche und famili\u00e4re Atmosph\u00e4re im Gemeindesaal der Kirchengemeinde.<\/span><\/p>\n<div id=\"attachment_23\" style=\"width: 160px\" class=\"wp-caption alignleft\"><a href=\"https:\/\/www.liederkranz-ruppertshofen.de\/wp-content\/uploads\/2008\/07\/jafe2005.jpg\"><img loading=\"lazy\" decoding=\"async\" aria-describedby=\"caption-attachment-23\" class=\"size-thumbnail wp-image-23\" title=\"jafe2005\" src=\"https:\/\/www.liederkranz-ruppertshofen.de\/wp-content\/uploads\/2008\/07\/jafe2005-150x150.jpg\" alt=\"Jahresfeier 2005\" width=\"150\" height=\"150\" \/><\/a><p id=\"caption-attachment-23\" class=\"wp-caption-text\">Jahresfeier 2005<\/p><\/div>\n<p class=\"MsoNormal\"><span style=\"font-family: Arial;\">Das Programm f\u00fchrte in diesem Jahr vom S\u00e4ngergru\u00df \u00fcber das kurz- weilige Theaterst\u00fcck \u201eD\u2019r Vereinsmaier\u201c hin zu Liedbeitr\u00e4gen mit dem Motto \u201eKein Schwein ruft mich an\u201c \u2013 Schlagermusik der 20er und 30er Jahre. Den Auftakt bildeten St\u00fccke des Orchesters Max Raabe gefolgt von St\u00fccken wie \u201eWochenend und Sonnenschein\u201c, \u201eMein Papagei fri\u00dft keine harten Eier\u201c und den \u201eBadewasser-Song\u201c.<\/span><\/p>\n<p class=\"MsoNormal\"><span style=\"font-family: Arial;\">Aufgelockert wurden die Gesangsbeitr\u00e4ge durch gelungene Tanzeinlagen der Frauen und der M\u00e4nner mit fetzigen 70er Jahre- Schlagern. Die \u201eScherrbachtaler\u201c zogen durch den \u201eBabysitter-Boogie\u201c und das Heinz R\u00fchmann-St\u00fcck \u201eWeil ich so leidenschaftlich bin\u201c das Publikum in ihren Bann.<\/span><\/p>\n<p class=\"MsoNormal\"><span style=\"font-family: Arial;\">Als Finale gab der Liederkranz das St\u00fcck \u201eD\u2019r G\u2019sangverei\u201c und beschloss damit eine wieder einmal gelungene und unterhaltsame Jahresfeier in Ruppertshofen.<\/span><\/p>\n<p class=\"MsoNormal\"><span style=\"font-family: Arial;\"><!--[if !supportEmptyParas]--> <\/span><\/p>\n<p class=\"MsoNormal\" style=\"font-weight: bold;\">Der Liederkranz Ruppertshofe bedanken sich bei allen Mit- wirkenden, den S\u00e4ngern und Theaterspielern und nat\u00fcrlich bei Ihnen \u2013 unserem Publikum.<\/p>\n<p class=\"MsoNormal\" style=\"font-weight: bold;\">Im Vorfeld der Jahresfeier beschloss der Liederkranz die Spende des Erl\u00f6ses eines Abends zugunsten von Opfern der verheerenden Flutkatastrophe in S\u00fcdasien.<\/p>\n","protected":false},"excerpt":{"rendered":"<p>Jahresfeier des Liederkranzes Ruppertshofen war wieder ein gro\u00dfartiger Erfolg! Die Jahresfeiern des Liederkranzes Ruppertshofen waren an den vergangenen Wochenenden wieder&hellip;<\/p>\n","protected":false},"author":1,"featured_media":0,"comment_status":"closed","ping_status":"closed","sticky":false,"template":"","format":"standard","meta":{"footnotes":""},"categories":[6],"tags":[],"class_list":["post-21","post","type-post","status-publish","format-standard","hentry","category-aktuell"],"_links":{"self":[{"href":"https:\/\/www.liederkranz-ruppertshofen.de\/index.php?rest_route=\/wp\/v2\/posts\/21","targetHints":{"allow":["GET"]}}],"collection":[{"href":"https:\/\/www.liederkranz-ruppertshofen.de\/index.php?rest_route=\/wp\/v2\/posts"}],"about":[{"href":"https:\/\/www.liederkranz-ruppertshofen.de\/index.php?rest_route=\/wp\/v2\/types\/post"}],"author":[{"embeddable":true,"href":"https:\/\/www.liederkranz-ruppertshofen.de\/index.php?rest_route=\/wp\/v2\/users\/1"}],"replies":[{"embeddable":true,"href":"https:\/\/www.liederkranz-ruppertshofen.de\/index.php?rest_route=%2Fwp%2Fv2%2Fcomments&post=21"}],"version-history":[{"count":0,"href":"https:\/\/www.liederkranz-ruppertshofen.de\/index.php?rest_route=\/wp\/v2\/posts\/21\/revisions"}],"wp:attachment":[{"href":"https:\/\/www.liederkranz-ruppertshofen.de\/index.php?rest_route=%2Fwp%2Fv2%2Fmedia&parent=21"}],"wp:term":[{"taxonomy":"category","embeddable":true,"href":"https:\/\/www.liederkranz-ruppertshofen.de\/index.php?rest_route=%2Fwp%2Fv2%2Fcategories&post=21"},{"taxonomy":"post_tag","embeddable":true,"href":"https:\/\/www.liederkranz-ruppertshofen.de\/index.php?rest_route=%2Fwp%2Fv2%2Ftags&post=21"}],"curies":[{"name":"wp","href":"https:\/\/api.w.org\/{rel}","templated":true}]}}