{"id":1435,"date":"2023-11-14T08:38:31","date_gmt":"2023-11-14T06:38:31","guid":{"rendered":"https:\/\/www.liederkranz-ruppertshofen.de\/?p=1435"},"modified":"2025-04-15T23:57:27","modified_gmt":"2025-04-15T21:57:27","slug":"liederkranz-ruppertshofen-leofels-jahresfeiern-2024-kartenvorverkauf-am-sonntag-1-advent-3-12-2023","status":"publish","type":"post","link":"https:\/\/www.liederkranz-ruppertshofen.de\/?p=1435","title":{"rendered":"Liederkranz Ruppertshofen-Leofels &#8211; die Jahresfeiern 2024"},"content":{"rendered":"\n<figure class=\"wp-block-image size-large\"><a href=\"https:\/\/www.liederkranz-ruppertshofen.de\/wp-content\/uploads\/2024\/01\/JaFe24.png\"><img loading=\"lazy\" decoding=\"async\" width=\"726\" height=\"1024\" src=\"https:\/\/www.liederkranz-ruppertshofen.de\/wp-content\/uploads\/2024\/01\/JaFe24-726x1024.png\" alt=\"\" class=\"wp-image-1439\" srcset=\"https:\/\/www.liederkranz-ruppertshofen.de\/wp-content\/uploads\/2024\/01\/JaFe24-726x1024.png 726w, https:\/\/www.liederkranz-ruppertshofen.de\/wp-content\/uploads\/2024\/01\/JaFe24-213x300.png 213w, https:\/\/www.liederkranz-ruppertshofen.de\/wp-content\/uploads\/2024\/01\/JaFe24-768x1083.png 768w, https:\/\/www.liederkranz-ruppertshofen.de\/wp-content\/uploads\/2024\/01\/JaFe24-1090x1536.png 1090w, https:\/\/www.liederkranz-ruppertshofen.de\/wp-content\/uploads\/2024\/01\/JaFe24.png 1108w\" sizes=\"auto, (max-width: 726px) 100vw, 726px\" \/><\/a><\/figure>\n\n\n\n<p><strong>Die Termine der Jahresfeiern 2024 waren:<\/strong><\/p>\n\n\n\n<ul class=\"wp-block-list\">\n<li>Freitag, 19. , Samstag, 20., Sonntag 21. Januar 2024 und<\/li>\n\n\n\n<li>Freitag, 26. , Samstag, 27., Sonntag 28. Januar 2024<\/li>\n<\/ul>\n\n\n\n<p>Es traten neben dem M\u00e4nnerchor vom Liederkranz Ruppertshofen-Leofels auch wieder der Jugendpopch\u00f6r, die Scherrbachtaler, die Theatergruppe sowie die T\u00e4nzerinnen und T\u00e4nzer aus Ruppertshofen und Umgebung auf.<\/p>\n\n\n\n<p><strong>Hier ein paar Fotos von den Vorstellungen. Vielen Dank an &#8222;unseren&#8220; Fotografen Thomas N\u00f6lle!<\/strong><\/p>\n\n\n\n<figure class=\"wp-block-image size-large\"><a href=\"https:\/\/www.liederkranz-ruppertshofen.de\/wp-content\/uploads\/2024\/02\/The-Choer-6392-scaled.jpg\"><img loading=\"lazy\" decoding=\"async\" width=\"1024\" height=\"681\" src=\"https:\/\/www.liederkranz-ruppertshofen.de\/wp-content\/uploads\/2024\/02\/The-Choer-6392-1024x681.jpg\" alt=\"Der &quot;Jugendpopch\u00f6r&quot; aus Ruppertshofen\" class=\"wp-image-1449\" srcset=\"https:\/\/www.liederkranz-ruppertshofen.de\/wp-content\/uploads\/2024\/02\/The-Choer-6392-1024x681.jpg 1024w, https:\/\/www.liederkranz-ruppertshofen.de\/wp-content\/uploads\/2024\/02\/The-Choer-6392-300x200.jpg 300w, https:\/\/www.liederkranz-ruppertshofen.de\/wp-content\/uploads\/2024\/02\/The-Choer-6392-768x511.jpg 768w, https:\/\/www.liederkranz-ruppertshofen.de\/wp-content\/uploads\/2024\/02\/The-Choer-6392-1536x1022.jpg 1536w, https:\/\/www.liederkranz-ruppertshofen.de\/wp-content\/uploads\/2024\/02\/The-Choer-6392-2048x1363.jpg 2048w\" sizes=\"auto, (max-width: 1024px) 100vw, 1024px\" \/><\/a><figcaption class=\"wp-element-caption\">Der &#8222;Jugendpopch\u00f6r&#8220; aus Ruppertshofen<\/figcaption><\/figure>\n\n\n\n<figure class=\"wp-block-image size-large\"><a href=\"https:\/\/www.liederkranz-ruppertshofen.de\/wp-content\/uploads\/2024\/02\/DSC01185-scaled.jpg\"><img loading=\"lazy\" decoding=\"async\" width=\"1024\" height=\"683\" src=\"https:\/\/www.liederkranz-ruppertshofen.de\/wp-content\/uploads\/2024\/02\/DSC01185-1024x683.jpg\" alt=\"\" class=\"wp-image-1452\" srcset=\"https:\/\/www.liederkranz-ruppertshofen.de\/wp-content\/uploads\/2024\/02\/DSC01185-1024x683.jpg 1024w, https:\/\/www.liederkranz-ruppertshofen.de\/wp-content\/uploads\/2024\/02\/DSC01185-300x200.jpg 300w, https:\/\/www.liederkranz-ruppertshofen.de\/wp-content\/uploads\/2024\/02\/DSC01185-768x512.jpg 768w, https:\/\/www.liederkranz-ruppertshofen.de\/wp-content\/uploads\/2024\/02\/DSC01185-1536x1024.jpg 1536w, https:\/\/www.liederkranz-ruppertshofen.de\/wp-content\/uploads\/2024\/02\/DSC01185-2048x1365.jpg 2048w\" sizes=\"auto, (max-width: 1024px) 100vw, 1024px\" \/><\/a><figcaption class=\"wp-element-caption\">Unsere Theatergruppe<\/figcaption><\/figure>\n\n\n\n<figure class=\"wp-block-image size-large\"><a href=\"https:\/\/www.liederkranz-ruppertshofen.de\/wp-content\/uploads\/2024\/02\/Jahresfeier-2024-7327-scaled.jpg\"><img loading=\"lazy\" decoding=\"async\" width=\"1024\" height=\"378\" src=\"https:\/\/www.liederkranz-ruppertshofen.de\/wp-content\/uploads\/2024\/02\/Jahresfeier-2024-7327-1024x378.jpg\" alt=\"\" class=\"wp-image-1453\" srcset=\"https:\/\/www.liederkranz-ruppertshofen.de\/wp-content\/uploads\/2024\/02\/Jahresfeier-2024-7327-1024x378.jpg 1024w, https:\/\/www.liederkranz-ruppertshofen.de\/wp-content\/uploads\/2024\/02\/Jahresfeier-2024-7327-300x111.jpg 300w, https:\/\/www.liederkranz-ruppertshofen.de\/wp-content\/uploads\/2024\/02\/Jahresfeier-2024-7327-768x284.jpg 768w, https:\/\/www.liederkranz-ruppertshofen.de\/wp-content\/uploads\/2024\/02\/Jahresfeier-2024-7327-1536x568.jpg 1536w, https:\/\/www.liederkranz-ruppertshofen.de\/wp-content\/uploads\/2024\/02\/Jahresfeier-2024-7327-2048x757.jpg 2048w\" sizes=\"auto, (max-width: 1024px) 100vw, 1024px\" \/><\/a><figcaption class=\"wp-element-caption\">Die Tanzgruppen der Frauen&#8230;<\/figcaption><\/figure>\n\n\n\n<figure class=\"wp-block-image size-large\"><a href=\"https:\/\/www.liederkranz-ruppertshofen.de\/wp-content\/uploads\/2024\/02\/Jahresfeier-2024-7499-scaled.jpg\"><img loading=\"lazy\" decoding=\"async\" width=\"1024\" height=\"681\" src=\"https:\/\/www.liederkranz-ruppertshofen.de\/wp-content\/uploads\/2024\/02\/Jahresfeier-2024-7499-1024x681.jpg\" alt=\"\" class=\"wp-image-1454\" srcset=\"https:\/\/www.liederkranz-ruppertshofen.de\/wp-content\/uploads\/2024\/02\/Jahresfeier-2024-7499-1024x681.jpg 1024w, https:\/\/www.liederkranz-ruppertshofen.de\/wp-content\/uploads\/2024\/02\/Jahresfeier-2024-7499-300x200.jpg 300w, https:\/\/www.liederkranz-ruppertshofen.de\/wp-content\/uploads\/2024\/02\/Jahresfeier-2024-7499-768x511.jpg 768w, https:\/\/www.liederkranz-ruppertshofen.de\/wp-content\/uploads\/2024\/02\/Jahresfeier-2024-7499-1536x1022.jpg 1536w, https:\/\/www.liederkranz-ruppertshofen.de\/wp-content\/uploads\/2024\/02\/Jahresfeier-2024-7499-2048x1363.jpg 2048w\" sizes=\"auto, (max-width: 1024px) 100vw, 1024px\" \/><\/a><figcaption class=\"wp-element-caption\">&#8230; und der M\u00e4nner.<\/figcaption><\/figure>\n\n\n\n<figure class=\"wp-block-image size-large\"><a href=\"https:\/\/www.liederkranz-ruppertshofen.de\/wp-content\/uploads\/2024\/02\/Jahresfeier-2024-7431-scaled.jpg\"><img loading=\"lazy\" decoding=\"async\" width=\"1024\" height=\"576\" src=\"https:\/\/www.liederkranz-ruppertshofen.de\/wp-content\/uploads\/2024\/02\/Jahresfeier-2024-7431-1024x576.jpg\" alt=\"\" class=\"wp-image-1455\" srcset=\"https:\/\/www.liederkranz-ruppertshofen.de\/wp-content\/uploads\/2024\/02\/Jahresfeier-2024-7431-1024x576.jpg 1024w, https:\/\/www.liederkranz-ruppertshofen.de\/wp-content\/uploads\/2024\/02\/Jahresfeier-2024-7431-300x169.jpg 300w, https:\/\/www.liederkranz-ruppertshofen.de\/wp-content\/uploads\/2024\/02\/Jahresfeier-2024-7431-768x432.jpg 768w, https:\/\/www.liederkranz-ruppertshofen.de\/wp-content\/uploads\/2024\/02\/Jahresfeier-2024-7431-1536x864.jpg 1536w, https:\/\/www.liederkranz-ruppertshofen.de\/wp-content\/uploads\/2024\/02\/Jahresfeier-2024-7431-2048x1152.jpg 2048w, https:\/\/www.liederkranz-ruppertshofen.de\/wp-content\/uploads\/2024\/02\/Jahresfeier-2024-7431-540x304.jpg 540w, https:\/\/www.liederkranz-ruppertshofen.de\/wp-content\/uploads\/2024\/02\/Jahresfeier-2024-7431-1140x641.jpg 1140w\" sizes=\"auto, (max-width: 1024px) 100vw, 1024px\" \/><\/a><figcaption class=\"wp-element-caption\">Die &#8222;Scherrbachtaler&#8220;<\/figcaption><\/figure>\n\n\n\n<figure class=\"wp-block-image size-large\"><a href=\"https:\/\/www.liederkranz-ruppertshofen.de\/wp-content\/uploads\/2024\/02\/Jahresfeier-2024-6308-scaled.jpg\"><img loading=\"lazy\" decoding=\"async\" width=\"1024\" height=\"576\" src=\"https:\/\/www.liederkranz-ruppertshofen.de\/wp-content\/uploads\/2024\/02\/Jahresfeier-2024-6308-1024x576.jpg\" alt=\"\" class=\"wp-image-1456\" srcset=\"https:\/\/www.liederkranz-ruppertshofen.de\/wp-content\/uploads\/2024\/02\/Jahresfeier-2024-6308-1024x576.jpg 1024w, https:\/\/www.liederkranz-ruppertshofen.de\/wp-content\/uploads\/2024\/02\/Jahresfeier-2024-6308-300x169.jpg 300w, https:\/\/www.liederkranz-ruppertshofen.de\/wp-content\/uploads\/2024\/02\/Jahresfeier-2024-6308-768x432.jpg 768w, https:\/\/www.liederkranz-ruppertshofen.de\/wp-content\/uploads\/2024\/02\/Jahresfeier-2024-6308-1536x864.jpg 1536w, https:\/\/www.liederkranz-ruppertshofen.de\/wp-content\/uploads\/2024\/02\/Jahresfeier-2024-6308-2048x1152.jpg 2048w, https:\/\/www.liederkranz-ruppertshofen.de\/wp-content\/uploads\/2024\/02\/Jahresfeier-2024-6308-540x304.jpg 540w, https:\/\/www.liederkranz-ruppertshofen.de\/wp-content\/uploads\/2024\/02\/Jahresfeier-2024-6308-1140x641.jpg 1140w\" sizes=\"auto, (max-width: 1024px) 100vw, 1024px\" \/><\/a><figcaption class=\"wp-element-caption\">Der Chor.<\/figcaption><\/figure>\n\n\n\n<figure class=\"wp-block-image size-large\"><a href=\"https:\/\/www.liederkranz-ruppertshofen.de\/wp-content\/uploads\/2024\/02\/The-Choer-6438-scaled.jpg\"><img loading=\"lazy\" decoding=\"async\" width=\"681\" height=\"1024\" src=\"https:\/\/www.liederkranz-ruppertshofen.de\/wp-content\/uploads\/2024\/02\/The-Choer-6438-681x1024.jpg\" alt=\"\" class=\"wp-image-1457\" srcset=\"https:\/\/www.liederkranz-ruppertshofen.de\/wp-content\/uploads\/2024\/02\/The-Choer-6438-681x1024.jpg 681w, https:\/\/www.liederkranz-ruppertshofen.de\/wp-content\/uploads\/2024\/02\/The-Choer-6438-200x300.jpg 200w, https:\/\/www.liederkranz-ruppertshofen.de\/wp-content\/uploads\/2024\/02\/The-Choer-6438-768x1154.jpg 768w, https:\/\/www.liederkranz-ruppertshofen.de\/wp-content\/uploads\/2024\/02\/The-Choer-6438-1022x1536.jpg 1022w, https:\/\/www.liederkranz-ruppertshofen.de\/wp-content\/uploads\/2024\/02\/The-Choer-6438-1362x2048.jpg 1362w, https:\/\/www.liederkranz-ruppertshofen.de\/wp-content\/uploads\/2024\/02\/The-Choer-6438-scaled.jpg 1703w\" sizes=\"auto, (max-width: 681px) 100vw, 681px\" \/><\/a><figcaption class=\"wp-element-caption\">Vielen Dank, Moni!<\/figcaption><\/figure>\n\n\n\n<p><\/p>\n","protected":false},"excerpt":{"rendered":"<p>Die Termine der Jahresfeiern 2024 waren: Es traten neben dem M\u00e4nnerchor vom Liederkranz Ruppertshofen-Leofels auch wieder der Jugendpopch\u00f6r, die Scherrbachtaler,&hellip;<\/p>\n","protected":false},"author":1,"featured_media":1444,"comment_status":"closed","ping_status":"closed","sticky":false,"template":"","format":"standard","meta":{"footnotes":""},"categories":[1],"tags":[],"class_list":["post-1435","post","type-post","status-publish","format-standard","has-post-thumbnail","hentry","category-allgemein"],"_links":{"self":[{"href":"https:\/\/www.liederkranz-ruppertshofen.de\/index.php?rest_route=\/wp\/v2\/posts\/1435","targetHints":{"allow":["GET"]}}],"collection":[{"href":"https:\/\/www.liederkranz-ruppertshofen.de\/index.php?rest_route=\/wp\/v2\/posts"}],"about":[{"href":"https:\/\/www.liederkranz-ruppertshofen.de\/index.php?rest_route=\/wp\/v2\/types\/post"}],"author":[{"embeddable":true,"href":"https:\/\/www.liederkranz-ruppertshofen.de\/index.php?rest_route=\/wp\/v2\/users\/1"}],"replies":[{"embeddable":true,"href":"https:\/\/www.liederkranz-ruppertshofen.de\/index.php?rest_route=%2Fwp%2Fv2%2Fcomments&post=1435"}],"version-history":[{"count":7,"href":"https:\/\/www.liederkranz-ruppertshofen.de\/index.php?rest_route=\/wp\/v2\/posts\/1435\/revisions"}],"predecessor-version":[{"id":1458,"href":"https:\/\/www.liederkranz-ruppertshofen.de\/index.php?rest_route=\/wp\/v2\/posts\/1435\/revisions\/1458"}],"wp:featuredmedia":[{"embeddable":true,"href":"https:\/\/www.liederkranz-ruppertshofen.de\/index.php?rest_route=\/wp\/v2\/media\/1444"}],"wp:attachment":[{"href":"https:\/\/www.liederkranz-ruppertshofen.de\/index.php?rest_route=%2Fwp%2Fv2%2Fmedia&parent=1435"}],"wp:term":[{"taxonomy":"category","embeddable":true,"href":"https:\/\/www.liederkranz-ruppertshofen.de\/index.php?rest_route=%2Fwp%2Fv2%2Fcategories&post=1435"},{"taxonomy":"post_tag","embeddable":true,"href":"https:\/\/www.liederkranz-ruppertshofen.de\/index.php?rest_route=%2Fwp%2Fv2%2Ftags&post=1435"}],"curies":[{"name":"wp","href":"https:\/\/api.w.org\/{rel}","templated":true}]}}