{"id":1271,"date":"2022-07-31T23:55:00","date_gmt":"2022-07-31T21:55:00","guid":{"rendered":"http:\/\/www.liederkranz-ruppertshofen.de\/?p=1271"},"modified":"2025-04-15T23:58:56","modified_gmt":"2025-04-15T21:58:56","slug":"saisonabschluss-liederkranz-ruppertshofen-leofels-und-der-jugendpop-choer-auf-dem-dorfplatz-ruppertshofen","status":"publish","type":"post","link":"https:\/\/www.liederkranz-ruppertshofen.de\/?p=1271","title":{"rendered":"Saisonabschluss Liederkranz Ruppertshofen-Leofels und der Jugendpop-Ch\u00f6r &#8211; auf dem Dorfplatz Ruppertshofen"},"content":{"rendered":"\n<p><\/p>\n\n\n\n<figure class=\"wp-block-image size-large\"><a href=\"https:\/\/www.liederkranz-ruppertshofen.de\/wp-content\/uploads\/2022\/08\/TheCho\u0308r-9251-1-scaled.jpg\"><img loading=\"lazy\" decoding=\"async\" width=\"1024\" height=\"681\" src=\"https:\/\/www.liederkranz-ruppertshofen.de\/wp-content\/uploads\/2022\/08\/TheCho\u0308r-9251-1-1024x681.jpg\" alt=\"\" class=\"wp-image-1289\" srcset=\"https:\/\/www.liederkranz-ruppertshofen.de\/wp-content\/uploads\/2022\/08\/TheCho\u0308r-9251-1-1024x681.jpg 1024w, https:\/\/www.liederkranz-ruppertshofen.de\/wp-content\/uploads\/2022\/08\/TheCho\u0308r-9251-1-300x200.jpg 300w, https:\/\/www.liederkranz-ruppertshofen.de\/wp-content\/uploads\/2022\/08\/TheCho\u0308r-9251-1-768x511.jpg 768w, https:\/\/www.liederkranz-ruppertshofen.de\/wp-content\/uploads\/2022\/08\/TheCho\u0308r-9251-1-1536x1022.jpg 1536w, https:\/\/www.liederkranz-ruppertshofen.de\/wp-content\/uploads\/2022\/08\/TheCho\u0308r-9251-1-2048x1363.jpg 2048w\" sizes=\"auto, (max-width: 1024px) 100vw, 1024px\" \/><\/a><\/figure>\n\n\n\n<figure class=\"wp-block-image size-large\"><a href=\"https:\/\/www.liederkranz-ruppertshofen.de\/wp-content\/uploads\/2022\/08\/TheCho\u0308r-9194-scaled.jpg\"><img loading=\"lazy\" decoding=\"async\" width=\"1024\" height=\"576\" src=\"https:\/\/www.liederkranz-ruppertshofen.de\/wp-content\/uploads\/2022\/08\/TheCho\u0308r-9194-1024x576.jpg\" alt=\"\" class=\"wp-image-1281\" srcset=\"https:\/\/www.liederkranz-ruppertshofen.de\/wp-content\/uploads\/2022\/08\/TheCho\u0308r-9194-1024x576.jpg 1024w, https:\/\/www.liederkranz-ruppertshofen.de\/wp-content\/uploads\/2022\/08\/TheCho\u0308r-9194-300x169.jpg 300w, https:\/\/www.liederkranz-ruppertshofen.de\/wp-content\/uploads\/2022\/08\/TheCho\u0308r-9194-768x432.jpg 768w, https:\/\/www.liederkranz-ruppertshofen.de\/wp-content\/uploads\/2022\/08\/TheCho\u0308r-9194-1536x864.jpg 1536w, https:\/\/www.liederkranz-ruppertshofen.de\/wp-content\/uploads\/2022\/08\/TheCho\u0308r-9194-2048x1152.jpg 2048w, https:\/\/www.liederkranz-ruppertshofen.de\/wp-content\/uploads\/2022\/08\/TheCho\u0308r-9194-1140x641.jpg 1140w, https:\/\/www.liederkranz-ruppertshofen.de\/wp-content\/uploads\/2022\/08\/TheCho\u0308r-9194-540x304.jpg 540w\" sizes=\"auto, (max-width: 1024px) 100vw, 1024px\" \/><\/a><figcaption>Erster Auftritt auf dem Dorfplatz Ruppertshofen am 28.7.2022 &#8211; Jugendprojektchor Ruppertshofen<\/figcaption><\/figure>\n\n\n\n<p>Am Donnerstag, 28.7. feierte der Liederkranz seinen Saisonabschluss auf dem Dorfplatz in Ruppertshofen. Dazu gab es f\u00fcr die zahlreichen Zuschauer ein kleines Platzkonzert und als besonderes Highlight den ersten Auftritt des erst vor 5 Wochen neu gegr\u00fcndeten Jugendpopchores.<\/p>\n\n\n\n<figure class=\"wp-block-image size-large\"><a href=\"https:\/\/www.liederkranz-ruppertshofen.de\/wp-content\/uploads\/2022\/08\/TheCho\u0308r-9156-scaled.jpg\"><img loading=\"lazy\" decoding=\"async\" width=\"1024\" height=\"681\" src=\"https:\/\/www.liederkranz-ruppertshofen.de\/wp-content\/uploads\/2022\/08\/TheCho\u0308r-9156-1024x681.jpg\" alt=\"\" class=\"wp-image-1283\" srcset=\"https:\/\/www.liederkranz-ruppertshofen.de\/wp-content\/uploads\/2022\/08\/TheCho\u0308r-9156-1024x681.jpg 1024w, https:\/\/www.liederkranz-ruppertshofen.de\/wp-content\/uploads\/2022\/08\/TheCho\u0308r-9156-300x200.jpg 300w, https:\/\/www.liederkranz-ruppertshofen.de\/wp-content\/uploads\/2022\/08\/TheCho\u0308r-9156-768x511.jpg 768w, https:\/\/www.liederkranz-ruppertshofen.de\/wp-content\/uploads\/2022\/08\/TheCho\u0308r-9156-1536x1022.jpg 1536w, https:\/\/www.liederkranz-ruppertshofen.de\/wp-content\/uploads\/2022\/08\/TheCho\u0308r-9156-2048x1363.jpg 2048w\" sizes=\"auto, (max-width: 1024px) 100vw, 1024px\" \/><\/a><figcaption>Saisonabschluss 2022 in Ruppertshofen mit dem Liederkranz<\/figcaption><\/figure>\n\n\n\n<p>Der Auftritt macht allen Beteiligten Lust auf mehr und eine m\u00f6gliche Fortf\u00fchrung des Projektchores im Herbst diesen Jahres.<\/p>\n\n\n\n<p>Vielen Dank an Chorleiterin Monika F\u00f6rnzler, an alle Projektchors\u00e4ngerinnen und -s\u00e4nger, die S\u00e4nger des Liederkranzes Ruppertshofen-Leofels sowie an alle Helferinnen und Helfer des Saisonabschlussfestes.<\/p>\n","protected":false},"excerpt":{"rendered":"<p>Am Donnerstag, 28.7. feierte der Liederkranz seinen Saisonabschluss auf dem Dorfplatz in Ruppertshofen. Dazu gab es f\u00fcr die zahlreichen Zuschauer&hellip;<\/p>\n","protected":false},"author":1,"featured_media":1285,"comment_status":"closed","ping_status":"closed","sticky":false,"template":"","format":"standard","meta":{"footnotes":""},"categories":[1],"tags":[],"class_list":["post-1271","post","type-post","status-publish","format-standard","has-post-thumbnail","hentry","category-allgemein"],"_links":{"self":[{"href":"https:\/\/www.liederkranz-ruppertshofen.de\/index.php?rest_route=\/wp\/v2\/posts\/1271","targetHints":{"allow":["GET"]}}],"collection":[{"href":"https:\/\/www.liederkranz-ruppertshofen.de\/index.php?rest_route=\/wp\/v2\/posts"}],"about":[{"href":"https:\/\/www.liederkranz-ruppertshofen.de\/index.php?rest_route=\/wp\/v2\/types\/post"}],"author":[{"embeddable":true,"href":"https:\/\/www.liederkranz-ruppertshofen.de\/index.php?rest_route=\/wp\/v2\/users\/1"}],"replies":[{"embeddable":true,"href":"https:\/\/www.liederkranz-ruppertshofen.de\/index.php?rest_route=%2Fwp%2Fv2%2Fcomments&post=1271"}],"version-history":[{"count":1,"href":"https:\/\/www.liederkranz-ruppertshofen.de\/index.php?rest_route=\/wp\/v2\/posts\/1271\/revisions"}],"predecessor-version":[{"id":1557,"href":"https:\/\/www.liederkranz-ruppertshofen.de\/index.php?rest_route=\/wp\/v2\/posts\/1271\/revisions\/1557"}],"wp:featuredmedia":[{"embeddable":true,"href":"https:\/\/www.liederkranz-ruppertshofen.de\/index.php?rest_route=\/wp\/v2\/media\/1285"}],"wp:attachment":[{"href":"https:\/\/www.liederkranz-ruppertshofen.de\/index.php?rest_route=%2Fwp%2Fv2%2Fmedia&parent=1271"}],"wp:term":[{"taxonomy":"category","embeddable":true,"href":"https:\/\/www.liederkranz-ruppertshofen.de\/index.php?rest_route=%2Fwp%2Fv2%2Fcategories&post=1271"},{"taxonomy":"post_tag","embeddable":true,"href":"https:\/\/www.liederkranz-ruppertshofen.de\/index.php?rest_route=%2Fwp%2Fv2%2Ftags&post=1271"}],"curies":[{"name":"wp","href":"https:\/\/api.w.org\/{rel}","templated":true}]}}