{"id":1261,"date":"2022-07-11T23:46:06","date_gmt":"2022-07-11T21:46:06","guid":{"rendered":"http:\/\/www.liederkranz-ruppertshofen.de\/?p=1261"},"modified":"2022-10-14T18:06:55","modified_gmt":"2022-10-14T16:06:55","slug":"chorfest-in-weikersheim-der-liederkranz-ruppertshofen-leofels-ist-dabei","status":"publish","type":"post","link":"https:\/\/www.liederkranz-ruppertshofen.de\/?p=1261","title":{"rendered":"Chorfest in Weikersheim &#8211; der Liederkranz Ruppertshofen-Leofels war dabei!"},"content":{"rendered":"\n<p><\/p>\n\n\n\n<p>Am Sonntag, 17.7. endete eine 4-j\u00e4hrige Pause &#8211; endlich wieder ein Chorfest des Chorverbandes Hohenlohe. Mehr als 20 Ch\u00f6re aus dem Chorverband und dem benachbarten Chorverband Region Kocher sangen von 13 &#8211; 17 Uhr auf 2 B\u00fchnen &#8211; dem Weikersheimer Marktplatz und dem Platz vor der TauberPhilharmonie. Zum Abschluss gab es ein Konzert um 18 Uhr in der TauberPhilharmonie. Bereits am Vormittag dazu Konzerte im Pflegeheim Residenz Weikersheim, dem Lene-Hofmann-Haus sowie beim Gottesdienst in der Stadtkirche.<br><\/p>\n\n\n\n<figure class=\"wp-block-image size-large\"><a href=\"https:\/\/www.liederkranz-ruppertshofen.de\/wp-content\/uploads\/2022\/07\/IMG_6071-scaled.jpg\"><img loading=\"lazy\" decoding=\"async\" width=\"1024\" height=\"521\" src=\"https:\/\/www.liederkranz-ruppertshofen.de\/wp-content\/uploads\/2022\/07\/IMG_6071-1024x521.jpg\" alt=\"\" class=\"wp-image-1277\" srcset=\"https:\/\/www.liederkranz-ruppertshofen.de\/wp-content\/uploads\/2022\/07\/IMG_6071-1024x521.jpg 1024w, https:\/\/www.liederkranz-ruppertshofen.de\/wp-content\/uploads\/2022\/07\/IMG_6071-300x153.jpg 300w, https:\/\/www.liederkranz-ruppertshofen.de\/wp-content\/uploads\/2022\/07\/IMG_6071-768x391.jpg 768w, https:\/\/www.liederkranz-ruppertshofen.de\/wp-content\/uploads\/2022\/07\/IMG_6071-1536x782.jpg 1536w, https:\/\/www.liederkranz-ruppertshofen.de\/wp-content\/uploads\/2022\/07\/IMG_6071-2048x1042.jpg 2048w\" sizes=\"auto, (max-width: 1024px) 100vw, 1024px\" \/><\/a><\/figure>\n\n\n\n<p>Der Liederkranz Ruppertshofen-Leofels und die Scherrbachtaler traten vor und zum Abschlusskonzert gleich zwei Mal in der TauberPhilharmonie auf. Die B\u00fchne vor dem Geb\u00e4ude musste am Nachmittag aufgrund der gro\u00dfen Hitze in den gro\u00dfen Saal verlegt werden.<\/p>\n\n\n\n<p>Wir starteten mit dem St\u00fcck von Rio Reiser &#8211; &#8222;\u00dcbers Meer&#8220;, brachten mit &#8222;Rama Lama Ding Dong&#8220; kr\u00e4ftigen Schwung in den Auftritt und beschlossen den ersten Teil mit &#8222;Uptown Girl&#8220; von Billy Joel.<\/p>\n\n\n\n<figure class=\"wp-block-image size-large\"><a href=\"https:\/\/www.liederkranz-ruppertshofen.de\/wp-content\/uploads\/2022\/07\/20220717_165514-scaled.jpg\"><img loading=\"lazy\" decoding=\"async\" width=\"1024\" height=\"768\" src=\"https:\/\/www.liederkranz-ruppertshofen.de\/wp-content\/uploads\/2022\/07\/20220717_165514-1024x768.jpg\" alt=\"\" class=\"wp-image-1274\" srcset=\"https:\/\/www.liederkranz-ruppertshofen.de\/wp-content\/uploads\/2022\/07\/20220717_165514-1024x768.jpg 1024w, https:\/\/www.liederkranz-ruppertshofen.de\/wp-content\/uploads\/2022\/07\/20220717_165514-300x225.jpg 300w, https:\/\/www.liederkranz-ruppertshofen.de\/wp-content\/uploads\/2022\/07\/20220717_165514-768x576.jpg 768w, https:\/\/www.liederkranz-ruppertshofen.de\/wp-content\/uploads\/2022\/07\/20220717_165514-1536x1152.jpg 1536w, https:\/\/www.liederkranz-ruppertshofen.de\/wp-content\/uploads\/2022\/07\/20220717_165514-2048x1536.jpg 2048w, https:\/\/www.liederkranz-ruppertshofen.de\/wp-content\/uploads\/2022\/07\/20220717_165514-120x90.jpg 120w\" sizes=\"auto, (max-width: 1024px) 100vw, 1024px\" \/><\/a><figcaption>Auftritt der Scherrbachtaler in der TauberPhilharmonie<\/figcaption><\/figure>\n\n\n\n<p>Die Scherrbachtaler begannen klassisch mit Friedrich Silchers &#8222;\u00c4nnchen von Tharau&#8220;, wechselten zum St\u00fcck von Peter Fox, dem &#8222;Haus am See&#8220; um mit dem Barbershop-Song &#8222;My Evaline&#8220; abzuschlie\u00dfen. Eine Zugabe war mit dem &#8222;Himalaja Marsch&#8220; nat\u00fcrlich auch noch drin.<\/p>\n\n\n\n<p>Beim Abschlusskonzert ging es zwischen dem Chor aus Reinsbronn, den &#8222;SingTonics&#8220; aus Laudenbach und dem Chor Cappella Nova aus Bad Mergentheim f\u00fcr uns wieder los mit einem Satz von Friedrich Silcher, dem &#8222;Lindenbaum&#8220; (Am Brunnen vor dem Tore).<\/p>\n\n\n\n<p>Das lange geprobte St\u00fcck &#8222;What shall we do with the drunken Sailor&#8220; in einem Satz von Alice Parker und Robert Shaw bildete anschlie\u00dfend einen H\u00f6hepunkt unseres Auftritts. Die au\u00dferordentliche Akustik des gro\u00dfen Saals der TauberPhilharmonie brachte den Shanty erst richtig zum klingen.<\/p>\n\n\n\n<p>Eine weitere Premiere stellte schlie\u00dflich die Auff\u00fchrung des St\u00fccks &#8222;Hohenloher Land&#8220; der Gruppe Annaweech in einem Satz von Hermann-Josef Beyer dar. Sie bildete unseren Schlusspunkt f\u00fcr einen wundersch\u00f6nen Tag beim Chorfest in Weikersheim 2022.<\/p>\n","protected":false},"excerpt":{"rendered":"<p>Am Sonntag, 17.7. endete eine 4-j\u00e4hrige Pause &#8211; endlich wieder ein Chorfest des Chorverbandes Hohenlohe. Mehr als 20 Ch\u00f6re aus&hellip;<\/p>\n","protected":false},"author":1,"featured_media":1277,"comment_status":"closed","ping_status":"closed","sticky":false,"template":"","format":"standard","meta":{"footnotes":""},"categories":[1],"tags":[],"class_list":["post-1261","post","type-post","status-publish","format-standard","has-post-thumbnail","hentry","category-allgemein"],"_links":{"self":[{"href":"https:\/\/www.liederkranz-ruppertshofen.de\/index.php?rest_route=\/wp\/v2\/posts\/1261","targetHints":{"allow":["GET"]}}],"collection":[{"href":"https:\/\/www.liederkranz-ruppertshofen.de\/index.php?rest_route=\/wp\/v2\/posts"}],"about":[{"href":"https:\/\/www.liederkranz-ruppertshofen.de\/index.php?rest_route=\/wp\/v2\/types\/post"}],"author":[{"embeddable":true,"href":"https:\/\/www.liederkranz-ruppertshofen.de\/index.php?rest_route=\/wp\/v2\/users\/1"}],"replies":[{"embeddable":true,"href":"https:\/\/www.liederkranz-ruppertshofen.de\/index.php?rest_route=%2Fwp%2Fv2%2Fcomments&post=1261"}],"version-history":[{"count":0,"href":"https:\/\/www.liederkranz-ruppertshofen.de\/index.php?rest_route=\/wp\/v2\/posts\/1261\/revisions"}],"wp:featuredmedia":[{"embeddable":true,"href":"https:\/\/www.liederkranz-ruppertshofen.de\/index.php?rest_route=\/wp\/v2\/media\/1277"}],"wp:attachment":[{"href":"https:\/\/www.liederkranz-ruppertshofen.de\/index.php?rest_route=%2Fwp%2Fv2%2Fmedia&parent=1261"}],"wp:term":[{"taxonomy":"category","embeddable":true,"href":"https:\/\/www.liederkranz-ruppertshofen.de\/index.php?rest_route=%2Fwp%2Fv2%2Fcategories&post=1261"},{"taxonomy":"post_tag","embeddable":true,"href":"https:\/\/www.liederkranz-ruppertshofen.de\/index.php?rest_route=%2Fwp%2Fv2%2Ftags&post=1261"}],"curies":[{"name":"wp","href":"https:\/\/api.w.org\/{rel}","templated":true}]}}